{"id":3306,"date":"2020-05-21T06:51:27","date_gmt":"2020-05-21T04:51:27","guid":{"rendered":"https:\/\/www.moore-bdr.sk\/?p=3306"},"modified":"2021-08-11T13:18:23","modified_gmt":"2021-08-11T11:18:23","slug":"prispevky-na-udrzanie-pracovnych-miest","status":"publish","type":"post","link":"https:\/\/www.moore-bdr.sk\/de\/prispevky-na-udrzanie-pracovnych-miest\/","title":{"rendered":"Beitrag zur Aufrechterhaltung von Arbeitspl\u00e4tzen"},"content":{"rendered":"<p><\/p>\n<p style=\"text-align: justify;\"><img loading=\"lazy\" decoding=\"async\" class=\"alignright size-medium wp-image-3308\" src=\"https:\/\/www.moore-bdr.sk\/wp-content\/uploads\/2020\/04\/1522004444687-300x169.jpg\" alt=\"\" width=\"300\" height=\"169\" srcset=\"https:\/\/www.moore-bdr.sk\/wp-content\/uploads\/2020\/04\/1522004444687-300x169.jpg 300w, https:\/\/www.moore-bdr.sk\/wp-content\/uploads\/2020\/04\/1522004444687-768x433.jpg 768w, https:\/\/www.moore-bdr.sk\/wp-content\/uploads\/2020\/04\/1522004444687-1024x577.jpg 1024w, https:\/\/www.moore-bdr.sk\/wp-content\/uploads\/2020\/04\/1522004444687-1024x577-240x135.jpg 240w, https:\/\/www.moore-bdr.sk\/wp-content\/uploads\/2020\/04\/1522004444687.jpg 1420w\" sizes=\"auto, (max-width: 300px) 100vw, 300px\" \/>Am 14.4.2020 hat die Regierung den Antrag auf \u00c4nderung der Bedingungen des Projekts der Unterst\u00fctzung der Aufrechterhaltung der Besch\u00e4ftigung im Zeitraum der Ausrufung der au\u00dferordentlichen Situation genehmigt, in deren Rahmen es zur Erweiterung der Hilfe f\u00fcr Arbeitgeber und Arbeitnehmer kommt. Es handelt sich um die dritte Sozialhilfe, die beim Amt f\u00fcr Arbeit, Soziales und Familie ab 17.4.2020 in Form von Beitr\u00e4gen beantragt werden kann. Der Beitrag im Rahmen der ersten und zweiten Ma\u00dfnahme kann bereits seit 6.4.2020 und 8.4.2020 beantragt werden.<\/p>\n<p><strong>Der Antrag f\u00fcr den Monat M\u00e4rz 2020 muss<\/strong> <strong>bis 15.05.2020 vorgelegt werden<\/strong>. Ein Antragsteller, der den Antrag <strong>f\u00fcr den Monat April oder Mai vorlegt, legt den Antrag bis zum Ende des Kalendermonats vor<\/strong>, der auf den Kalendermonat folgt, f\u00fcr den der Antragsteller die Gew\u00e4hrung des Beitrags beantragt.<\/p>\n<p><strong>Beitr\u00e4ge f\u00fcr Arbeitgeber<\/strong><\/p>\n<table width=\"699\">\n<tbody>\n<tr style=\"background-color: #1f4e79;\">\n<td width=\"71\"><span style=\"color: #ffffff;\"><strong>Unterst\u00fctzung<\/strong><\/span><\/td>\n<td width=\"288\"><span style=\"color: #ffffff;\"><strong>Ma\u00dfnahme Nr. 1<\/strong><\/span><\/p>\n<p><span style=\"color: #ffffff;\"><strong>Arbeitgeber, die ihre Betriebsstellen obligatorisch geschlossen haben<\/strong><\/span><\/td>\n<td width=\"340\"><span style=\"color: #ffffff;\"><strong>Ma\u00dfnahme Nr. 3<\/strong><\/span><\/p>\n<p><span style=\"color: #ffffff;\"><strong>Arbeitgeber:<\/strong><\/span><\/p>\n<p><span style=\"color: #ffffff;\"><strong>3 A \u2013 Hindernis auf Seiten des Arbeitgebers<\/strong><\/span><\/p>\n<p><span style=\"color: #ffffff;\"><strong>\u00a0\u00a0\u00a0\u00a0\u00a0\u00a0\u00a0\u00a0\u00a0\u00a0 3 B \u2013 mit Senkung der Erl\u00f6se<\/strong><\/span><\/td>\n<\/tr>\n<tr>\n<td width=\"71\"><strong>Anspruch<\/strong><\/p>\n<p><strong>(berechtigte Person)<\/strong><\/td>\n<td width=\"288\">&nbsp;<\/p>\n<p>Arbeitgeber (einschlie\u00dflich Gewerbetreibende, die Arbeitgeber sind), die ihre Betriebsstellen auf Grundlage des Beschlusses des<\/p>\n<p><a href=\"http:\/\/www.uvzsr.sk\/index.php?option=com_content&amp;view=category&amp;layout=blog&amp;id=250&amp;Itemid=153\">Amtes f\u00fcr \u00f6ffentliches Gesundheitswesen der Slowakischen Republik<\/a> schlie\u00dfen mussten<\/p>\n<p>&nbsp;<\/td>\n<td width=\"340\">&nbsp;<\/p>\n<p>Arbeitgeber (einschlie\u00dflich Gewerbetreibende, die Arbeitgeber sind), die <u>nicht verpflichtet waren<\/u>, ihre Betriebsstelle zu schlie\u00dfen:<\/p>\n<p>3 A \u2013 Hindernisse bei der Arbeit auf Seiten des Arbeitgebers<\/p>\n<p>3 B \u2013 Senkung der Erl\u00f6se<\/p>\n<p>Anmerkung: Auswahl nur einer Methode &#8211; 3A oder 3B.<\/p>\n<p>&nbsp;<\/p>\n<p>Es ist w\u00e4hrend des gesamten Zeitraums der Gew\u00e4hrung des Beitrags nicht m\u00f6glich, die ausgew\u00e4hlte Methode zu \u00e4ndern!<\/p>\n<p><strong>\u00a0<\/strong><\/td>\n<\/tr>\n<tr>\n<td width=\"71\"><strong>H\u00f6he<\/strong><\/td>\n<td width=\"288\">Im Betrag der Lohnersatzzahlungen h\u00f6chstens 80% des durchschnittlichen Verdienstes des Arbeitnehmers, h\u00f6chstens 1.100\u00a0\u20ac (880\u00a0\u20ac f\u00fcr M\u00e4rz 2020)<\/p>\n<p>Die maximale Gesamtsumme der monatlichen \u00a0Beitr\u00e4ge pro Firma ist nicht festgelegt.<\/p>\n<p>(Der maximale Betrag von 800.000 \u20ac\u00a0 pro Antragsteller wird <strong>aufgehoben.<\/strong>)<\/td>\n<td width=\"340\"><strong>3A\u00a0\u00a0\u00a0 <\/strong>Der Arbeitgeber<strong> konnte keine Arbeit zuteilen &#8211;<\/strong> Hindernis auf Seiten des Arbeitgebers.<\/p>\n<p>Im Betrag der Lohnersatzzahlungen h\u00f6chstens 80% des durchschnittlichen Verdienstes des Arbeitnehmers, h\u00f6chstens in H\u00f6he von 880\u00a0\u20ac\u00a0 (es muss ein <strong>Hindernis bei der Arbeit <\/strong>bestehen)<\/p>\n<p><strong>oder<\/strong><\/p>\n<p><strong>3B\u00a0\u00a0\u00a0 <\/strong>Summe der pauschalen Beitr\u00e4ge, die auf Grundlage der <strong>Senkung der Erl\u00f6se<\/strong> bestimmt wird &#8211;<\/p>\n<p>Der Beitrag kann f\u00fcr einen Arbeitnehmer in Anspruch genommen werden, der arbeitet, sowie auch f\u00fcr einen Arbeitnehmer, der ein Hindernis bei der Arbeit aus einem Grund auf Seiten des Arbeitgebers hat. Bedingung ist, dass er nicht mehr als 50% seines Arbeitszeitfonds ein Hindernis auf Seiten des Arbeitnehmers hat (Arbeitsunf\u00e4higkeit, Pflegegeld, Urlaub).<\/p>\n<table width=\"287\">\n<tbody>\n<tr>\n<td width=\"68\">Senkung der Erl\u00f6se<\/td>\n<td width=\"76\">M\u00e4rz 2020<\/td>\n<td width=\"68\">Senkung der Erl\u00f6se<\/td>\n<td width=\"76\">April, Mai 2020<\/td>\n<\/tr>\n<tr>\n<td width=\"68\">\u2265 10 %<\/td>\n<td width=\"76\"><strong>90 \u20ac<\/strong><\/td>\n<td width=\"68\">\u2265 20 %<\/td>\n<td width=\"76\"><strong>180 \u20ac<\/strong><\/td>\n<\/tr>\n<tr>\n<td width=\"68\">\u2265 20 %<\/td>\n<td width=\"76\"><strong>150 \u20ac<\/strong><\/td>\n<td width=\"68\">\u2265 40 %<\/td>\n<td width=\"76\"><strong>300 \u20ac<\/strong><\/td>\n<\/tr>\n<tr>\n<td width=\"68\">\u2265 30 %,<\/td>\n<td width=\"76\"><strong>210 \u20ac<\/strong><\/td>\n<td width=\"68\">\u2265 60 %,<\/td>\n<td width=\"76\"><strong>420 \u20ac<\/strong><\/td>\n<\/tr>\n<tr>\n<td width=\"68\">\u2265 40 %<\/td>\n<td width=\"76\"><strong>270 \u20ac<\/strong><\/td>\n<td width=\"68\">\u2265 80 %<\/td>\n<td width=\"76\"><strong>540 \u20ac<\/strong><\/td>\n<\/tr>\n<\/tbody>\n<\/table>\n<p>&nbsp;<\/p>\n<p>&nbsp;<\/td>\n<\/tr>\n<\/tbody>\n<\/table>\n<p><strong>Beitr\u00e4ge f\u00fcr Gewerbetreibende und FO<\/strong><\/p>\n<table width=\"699\">\n<tbody>\n<tr>\n<td width=\"70\"><strong>Unterst\u00fctzung<\/strong><\/td>\n<td width=\"302\"><strong>Ma\u00dfnahme Nr. 2<\/strong><\/p>\n<p><strong>\u00a0<\/strong><\/p>\n<p><strong>Gewerbetreibende, die ihre Betriebsstellen schlie\u00dfen mussten oder deren Erl\u00f6se gesunken sind<\/strong><\/td>\n<td width=\"327\"><strong>Ma\u00dfnahme Nr. 4<\/strong><\/p>\n<p><strong>\u00a0<\/strong><\/p>\n<p><strong>Nat\u00fcrliche Personen, die seit\u00a013.3.2020 kein anderes Einkommen haben <\/strong>(aus Unternehmens-, Nichtunternehmens- und abh\u00e4ngiger T\u00e4tigkeit)<\/td>\n<\/tr>\n<tr>\n<td width=\"70\"><strong>Anspruch<\/strong><\/p>\n<p><strong>(berechtigte Person)<\/strong><\/td>\n<td width=\"302\">&nbsp;<\/p>\n<p>Gewerbetreibende, die ihre Betriebsstellen obligatorisch auf Grundlage des Beschlusses des<\/p>\n<p><a href=\"http:\/\/www.uvzsr.sk\/index.php?option=com_content&amp;view=category&amp;layout=blog&amp;id=250&amp;Itemid=153\">Amtes f\u00fcr \u00f6ffentliches Gesundheitswesen der Slowakischen Republik<\/a><\/p>\n<p>geschlossen haben oder eine Senkung der Erl\u00f6se hatten<\/p>\n<p>und gleichzeitig:<\/p>\n<p>&#8211;\u00a0\u00a0\u00a0\u00a0\u00a0\u00a0\u00a0\u00a0\u00a0 bis 31.3. kranken- und rentenversichert sind, wobei die Versicherung auch nach diesem Tag andauert<\/p>\n<p>&#8211;\u00a0\u00a0\u00a0\u00a0\u00a0\u00a0\u00a0\u00a0\u00a0 sog. Abgabenferien in Anspruch nehmen (vom Beginn der Unternehmenst\u00e4tigkeit bis 1.7. des nachfolgenden Jahres)<\/p>\n<p>&nbsp;<\/p>\n<p>Gewerbetreibende:<\/p>\n<p>1. die ein Gewerbe betreiben<\/p>\n<p>2. die eine T\u00e4tigkeit gem\u00e4\u00df den individuellen Vorschriften ausf\u00fchren (Rechtsanw\u00e4lte, Notare&#8230;)<\/p>\n<p>3. die landwirtschaftliche Produktion einschlie\u00dflich Forstwirtschaft betreiben<\/p>\n<p>&nbsp;<\/p>\n<p>Informationen auf der Seite des Ministeriums f\u00fcr Arbeit, Soziales und Familie, dass Gewerbetreibende gem\u00e4\u00df dem Gesetz \u00fcber Einkommenssteuer beurteilt werden<\/p>\n<p>(Gesellschafter einer \u00f6ffentlichen Handelsgesellschaft, Komplement\u00e4re einer Kommanditgesellschaft, Dolmetscher, K\u00fcnstler, Sportler, Steuerberater&#8230;)<\/p>\n<p><strong>\u00a0<\/strong><\/td>\n<td width=\"327\"><strong>Gewerbetreibende, die nicht kranken- und rentenversichert sind<\/strong> und die:<\/p>\n<p>\u00b7\u00a0\u00a0\u00a0\u00a0\u00a0 die Ausf\u00fchrung oder den Betrieb ihrer T\u00e4tigkeit unterbrochen oder eingeschr\u00e4nkt haben<\/p>\n<p><strong>\u00a0<\/strong><\/p>\n<ul>\n<li>ab 13.3.2020 die Berechtigung zur Ausf\u00fchrung ihrer T\u00e4tigkeit eingestellt haben<\/li>\n<\/ul>\n<p><strong>Gesellschafter von Ein-Personen-Gesellschaften mit beschr\u00e4nkter Haftung \u2013 nat\u00fcrliche Personen<\/strong><\/p>\n<ul>\n<li>Alleingesellschafter und gleichzeitig Gesch\u00e4ftsf\u00fchrer in seiner GmbH, deren Gewinn nach der Besteuerung f\u00fcr das Jahr 2019 nicht 9.600 \u20ac \u00fcberstiegen hat<\/li>\n<\/ul>\n<p><strong>\u00a0<\/strong><\/p>\n<ul>\n<li>der kein Arbeitnehmer dieser Gesellschaft und kein Gesellschafter einer anderen GmbH ist<\/li>\n<\/ul>\n<\/td>\n<\/tr>\n<tr>\n<td width=\"70\"><strong>H\u00f6he<\/strong><\/td>\n<td width=\"302\">&nbsp;<\/p>\n<p>Pauschaler Beitrag, der gem\u00e4\u00df der Senkung der Erl\u00f6se festgelegt wird<\/p>\n<table width=\"287\">\n<tbody>\n<tr>\n<td width=\"68\">Senkung der Erl\u00f6se<\/td>\n<td width=\"76\">M\u00e4rz 2020<\/td>\n<td width=\"68\">Senkung der Erl\u00f6se<\/td>\n<td width=\"76\">April, Mai 2020<\/td>\n<\/tr>\n<tr>\n<td width=\"68\">\u2265 10 %<\/td>\n<td width=\"76\"><strong>90 \u20ac<\/strong><\/td>\n<td width=\"68\">\u2265 20 %<\/td>\n<td width=\"76\"><strong>180 \u20ac<\/strong><\/td>\n<\/tr>\n<tr>\n<td width=\"68\">\u2265 20 %<\/td>\n<td width=\"76\"><strong>150 \u20ac<\/strong><\/td>\n<td width=\"68\">\u2265 40 %<\/td>\n<td width=\"76\"><strong>300 \u20ac<\/strong><\/td>\n<\/tr>\n<tr>\n<td width=\"68\">\u2265 30 %,<\/td>\n<td width=\"76\"><strong>210 \u20ac<\/strong><\/td>\n<td width=\"68\">\u2265 60 %,<\/td>\n<td width=\"76\"><strong>420 \u20ac<\/strong><\/td>\n<\/tr>\n<tr>\n<td width=\"68\">\u2265 40 %<\/td>\n<td width=\"76\"><strong>270 \u20ac<\/strong><\/td>\n<td width=\"68\">\u2265 80 %<\/td>\n<td width=\"76\"><strong>540 \u20ac<\/strong><\/td>\n<\/tr>\n<\/tbody>\n<\/table>\n<p>&nbsp;<\/p>\n<p>&nbsp;<\/td>\n<td width=\"327\">Pauschaler Beitrag<\/p>\n<p>&nbsp;<\/p>\n<ul>\n<li><strong>105 \u20ac<\/strong> f\u00fcr M\u00e4rz 2020<\/li>\n<li><strong>210 \u20ac<\/strong> f\u00fcr April, Mai usw. 2020<\/li>\n<\/ul>\n<p>&nbsp;<\/td>\n<\/tr>\n<\/tbody>\n<\/table>\n<p>Im Handbuch zum Ausf\u00fcllen des Berichts Nr. 2, das auf der Seite <a href=\"http:\/\/www.neprepustaj.sk\">www.neprepustaj.sk<\/a> zug\u00e4nglich ist, ist der Erl\u00f6s als Teil des Ertrags definiert. Erl\u00f6se sind finanzielle Einnahmen, die aus dem Verkauf eines Produkts, aus der Vermietung von Grundst\u00fccken, Geb\u00e4uden, Einrichtungen u.\u00c4. gewonnen werden. Bei nat\u00fcrlichen Personen gelten als Erl\u00f6s die tats\u00e4chlich erhaltenen bzw. bezahlten Ertr\u00e4ge, also das, was in der einfachen Buchhaltung oder im Verzeichnis der Einnahmen im Finanztagebuch der nat\u00fcrlichen Person angef\u00fchrt wird.<\/p>\n<p>Der Begriff Erl\u00f6s ist nicht so definiert wie z.B. in der Regierungsverordnung \u00fcber die Festlegung der Senkung der Erl\u00f6se, die gem\u00e4\u00df \u00a7 293ew Abs. 2 Buchstabe a) Gesetz Nr.461\/2003 Slg. \u00fcber Sozialversicherung in der Fassung von Gesetz Nr. 68\/2020 Slg. erlassen wurde, und dient somit zur Ermittlung der Senkung der Erl\u00f6se nur zwecks der Beantragung des Aufschubs der Bezahlung der Versicherungsgeb\u00fchr f\u00fcr Arbeitgeber und Gewerbetreibende.<\/p>\n<p>Wir gehen davon aus, dass als Erl\u00f6s in Bezug auf die Gew\u00e4hrung von Beitr\u00e4gen nur Einnahmen \/ Ertr\u00e4ge aus dem Verkauf von Waren und Dienstleistungen, d.h. der <strong>\u201eNettoumsatz\u201c<\/strong>, so wie dieser in \u00a7 2 Abs. 15 des Gesetzes \u00fcber Buchhaltung Nr. 431\/2002 Slg. definiert ist, verstanden wird.<\/p>\n<p>\u00dcber eine Pr\u00e4zisierung der legislativen Ungenauigkeit der Definition der Erl\u00f6se in Bezug auf die Gew\u00e4hrung von Beitr\u00e4gen \u00a0gem\u00e4\u00df Ma\u00dfnahme Nr. 2 und 3a und 3b werden wir Sie informieren.<\/p>\n<p><strong>Gemeinsame Bedingungen f\u00fcr Arbeitgeber bzw. Gewerbetreibende<\/strong><\/p>\n<ul>\n<li>Verpflichtung, dem Arbeitnehmer Lohnersatz in H\u00f6he von 80 % seines durchschnittlichen Verdienstes bezahlen,<\/li>\n<li>Verpflichtung, dass der Arbeitgeber innerhalb von zwei Monaten nach dem Monat, f\u00fcr den er den Beitrag f\u00fcr den bestimmten Arbeitnehmer beantragt, keine Handlung ausf\u00fchrt, die auf die Beendigung des Arbeitsverh\u00e4ltnisses ausgerichtet ist,<\/li>\n<li>Vorlegung der Angaben \u00fcber den Stand der Arbeitnehmer zum 31.3.2020,<\/li>\n<li>Erf\u00fcllung der Bedingungen gem\u00e4\u00df \u00a7 70 Abs. 7 des Gesetzes \u00fcber Besch\u00e4ftigungsdienstleistungen\n<ol>\n<li>Er hat die Steuerpflichten gem\u00e4\u00df der individuellen Vorschrift erf\u00fcllt,<\/li>\n<li>er hat die Pflicht der Entrichtung der Vorauszahlung auf die Versicherungsgeb\u00fchr f\u00fcr die \u00f6ffentliche Krankenversicherung, die Versicherungsgeb\u00fchr f\u00fcr Sozialversicherung und die obligatorischen Beitr\u00e4ge zum Altersrentensparen erf\u00fcllt,<\/li>\n<li>er hat im Zeitraum von zwei Jahren vor der Einreichung des Antrags \u00fcber den Beitrag nicht gegen das Verbot der illegalen Besch\u00e4ftigung i versto\u00dfen,<\/li>\n<li>er hat gegen\u00fcber dem Amt keine f\u00e4lligen finanziellen Verbindlichkeiten,<\/li>\n<li>er befindet sich nicht in Konkurs, Liquidation, Zwangsverwaltung, und es wurde f\u00fcr ihn kein Ratenkalender gem\u00e4\u00df der individuellen Vorschrift festgelegt,<\/li>\n<li>f\u00fcr ihn wurden keine unbefriedigten Anspr\u00fcche seiner Arbeitnehmer verzeichnet, die aus dem Arbeitsverh\u00e4ltnis hervorgehen,<\/li>\n<li>es wurde ihm keine rechtskr\u00e4ftige Strafe des Verbots der Annahme von Dotationen oder Subventionen oder Strafe des Verbots der Annahme von Hilfe und Unterst\u00fctzung auferlegt, die aus den Fonds der Europ\u00e4ischen Union gew\u00e4hrt wurden, falls es sich um eine juristische Person handelt;<\/li>\n<\/ol>\n<\/li>\n<\/ul>\n<p>Die Erf\u00fcllung aller Bedingungen weist Arbeitgeber durch eine Ehrenerkl\u00e4rung nach, die Gegenstand anschlie\u00dfender Kontrollen sein wird.<\/p>\n<p>&nbsp;<\/p>\n<p>\u00dcber die weitere Entwicklung im angef\u00fchrten Bereich werden wir Sie durchgehend informieren.<\/p>\n<p>Im Fall irgendwelcher Fragen z\u00f6gern Sie nicht, uns zu kontaktieren.<\/p>\n<p><strong>Hinweis:<\/strong><\/p>\n<p>Das angef\u00fchrte Material dient nur zur Orientierung und zur Gew\u00e4hrung einer allgemeinen \u00dcbersicht in Bezug auf die Gew\u00e4hrung der Beitr\u00e4ge.<\/p>\n<p>Im Fall von konkreten Fragen und Unklarheiten k\u00f6nnen Sie sich an uns wenden.<\/p>\n<p>&nbsp;<\/p>","protected":false},"excerpt":{"rendered":"<p>Am 14.4.2020 hat die Regierung den Antrag auf \u00c4nderung der Bedingungen des Projekts der Unterst\u00fctzung der Aufrechterhaltung der Besch\u00e4ftigung im Zeitraum der Ausrufung der au\u00dferordentlichen Situation genehmigt, in deren Rahmen es zur Erweiterung der Hilfe f\u00fcr Arbeitgeber und Arbeitnehmer kommt. Es handelt sich um die dritte Sozialhilfe, die beim Amt f\u00fcr Arbeit, Soziales und Familie&hellip;<\/p>\n","protected":false},"author":1,"featured_media":3308,"comment_status":"closed","ping_status":"open","sticky":false,"template":"","format":"standard","meta":{"inline_featured_image":false,"footnotes":""},"categories":[26,19],"tags":[],"class_list":{"0":"post-3306","1":"post","2":"type-post","3":"status-publish","4":"format-standard","5":"has-post-thumbnail","6":"hentry","7":"category-26","8":"category-korona","10":"category-19","11":"description-off"},"yoast_head":"<!-- This site is optimized with the Yoast SEO plugin v26.1.1 - https:\/\/yoast.com\/wordpress\/plugins\/seo\/ -->\n<title>Beitrag zur Aufrechterhaltung von Arbeitspl\u00e4tzen - Moore BDR s. r. o.<\/title>\n<meta name=\"robots\" content=\"index, follow, max-snippet:-1, max-image-preview:large, max-video-preview:-1\" \/>\n<link rel=\"canonical\" href=\"https:\/\/www.moore-bdr.sk\/prispevky-na-udrzanie-pracovnych-miest\/\" \/>\n<meta property=\"og:locale\" content=\"de_DE\" \/>\n<meta property=\"og:type\" content=\"article\" \/>\n<meta property=\"og:title\" content=\"[:sk]Pr\u00edspevky na udr\u017eanie pracovn\u00fdch miest - aktualizovan\u00e9[:en]Job retention contributions[:de]Beitrag zur Aufrechterhaltung von Arbeitspl\u00e4tzen[:] - Moore BDR s. r. o.\" \/>\n<meta property=\"og:description\" content=\"Am 14.4.2020 hat die Regierung den Antrag auf \u00c4nderung der Bedingungen des Projekts der Unterst\u00fctzung der Aufrechterhaltung der Besch\u00e4ftigung im Zeitraum der Ausrufung der au\u00dferordentlichen Situation genehmigt, in deren Rahmen es zur Erweiterung der Hilfe f\u00fcr Arbeitgeber und Arbeitnehmer kommt. Es handelt sich um die dritte Sozialhilfe, die beim Amt f\u00fcr Arbeit, Soziales und Familie&hellip;\" \/>\n<meta property=\"og:url\" content=\"https:\/\/www.moore-bdr.sk\/prispevky-na-udrzanie-pracovnych-miest\/\" \/>\n<meta property=\"og:site_name\" content=\"Moore BDR s. r. o.\" \/>\n<meta property=\"article:published_time\" content=\"2020-05-21T04:51:27+00:00\" \/>\n<meta property=\"article:modified_time\" content=\"2021-08-11T11:18:23+00:00\" \/>\n<meta property=\"og:image\" content=\"https:\/\/www.moore-bdr.sk\/wp-content\/uploads\/2020\/04\/1522004444687.jpg\" \/>\n\t<meta property=\"og:image:width\" content=\"1420\" \/>\n\t<meta property=\"og:image:height\" content=\"800\" \/>\n\t<meta property=\"og:image:type\" content=\"image\/jpeg\" \/>\n<meta name=\"author\" content=\"dan103065\" \/>\n<meta name=\"twitter:card\" content=\"summary_large_image\" \/>\n<meta name=\"twitter:label1\" content=\"Verfasst von\" \/>\n\t<meta name=\"twitter:data1\" content=\"dan103065\" \/>\n\t<meta name=\"twitter:label2\" content=\"Gesch\u00e4tzte Lesezeit\" \/>\n\t<meta name=\"twitter:data2\" content=\"19\u00a0Minuten\" \/>\n<script type=\"application\/ld+json\" class=\"yoast-schema-graph\">{\"@context\":\"https:\/\/schema.org\",\"@graph\":[{\"@type\":\"WebPage\",\"@id\":\"https:\/\/www.moore-bdr.sk\/prispevky-na-udrzanie-pracovnych-miest\/\",\"url\":\"https:\/\/www.moore-bdr.sk\/prispevky-na-udrzanie-pracovnych-miest\/\",\"name\":\"[:sk]Pr\u00edspevky na udr\u017eanie pracovn\u00fdch miest - aktualizovan\u00e9[:en]Job retention contributions[:de]Beitrag zur Aufrechterhaltung von Arbeitspl\u00e4tzen[:] - Moore BDR s. r. o.\",\"isPartOf\":{\"@id\":\"https:\/\/www.moore-bdr.sk\/#website\"},\"primaryImageOfPage\":{\"@id\":\"https:\/\/www.moore-bdr.sk\/prispevky-na-udrzanie-pracovnych-miest\/#primaryimage\"},\"image\":{\"@id\":\"https:\/\/www.moore-bdr.sk\/prispevky-na-udrzanie-pracovnych-miest\/#primaryimage\"},\"thumbnailUrl\":\"https:\/\/www.moore-bdr.sk\/wp-content\/uploads\/2020\/04\/1522004444687.jpg\",\"datePublished\":\"2020-05-21T04:51:27+00:00\",\"dateModified\":\"2021-08-11T11:18:23+00:00\",\"author\":{\"@id\":\"https:\/\/www.moore-bdr.sk\/#\/schema\/person\/19fdb5f0d614cacda38e9b29e2036841\"},\"breadcrumb\":{\"@id\":\"https:\/\/www.moore-bdr.sk\/prispevky-na-udrzanie-pracovnych-miest\/#breadcrumb\"},\"inLanguage\":\"de\",\"potentialAction\":[{\"@type\":\"ReadAction\",\"target\":[\"https:\/\/www.moore-bdr.sk\/prispevky-na-udrzanie-pracovnych-miest\/\"]}]},{\"@type\":\"ImageObject\",\"inLanguage\":\"de\",\"@id\":\"https:\/\/www.moore-bdr.sk\/prispevky-na-udrzanie-pracovnych-miest\/#primaryimage\",\"url\":\"https:\/\/www.moore-bdr.sk\/wp-content\/uploads\/2020\/04\/1522004444687.jpg\",\"contentUrl\":\"https:\/\/www.moore-bdr.sk\/wp-content\/uploads\/2020\/04\/1522004444687.jpg\",\"width\":1420,\"height\":800},{\"@type\":\"BreadcrumbList\",\"@id\":\"https:\/\/www.moore-bdr.sk\/prispevky-na-udrzanie-pracovnych-miest\/#breadcrumb\",\"itemListElement\":[{\"@type\":\"ListItem\",\"position\":1,\"name\":\"Domovsk\u00e1 str\u00e1nka\",\"item\":\"https:\/\/www.moore-bdr.sk\/\"},{\"@type\":\"ListItem\",\"position\":2,\"name\":\"Pr\u00edspevky na udr\u017eanie pracovn\u00fdch miest &#8211; aktualizovan\u00e9\"}]},{\"@type\":\"WebSite\",\"@id\":\"https:\/\/www.moore-bdr.sk\/#website\",\"url\":\"https:\/\/www.moore-bdr.sk\/\",\"name\":\"Moore BDR s. r. o.\",\"description\":\"Na\u0161e portf\u00f3lio zah\u0155\u0148a: audit \u00fa\u010dtovn\u00edctva, da\u0148ov\u00e9 poradenstvo, f\u00fazie, akviz\u00edcie, Due diligence, Bratislava, Bansk\u00e1 Bystrica\",\"potentialAction\":[{\"@type\":\"SearchAction\",\"target\":{\"@type\":\"EntryPoint\",\"urlTemplate\":\"https:\/\/www.moore-bdr.sk\/?s={search_term_string}\"},\"query-input\":{\"@type\":\"PropertyValueSpecification\",\"valueRequired\":true,\"valueName\":\"search_term_string\"}}],\"inLanguage\":\"de\"},{\"@type\":\"Person\",\"@id\":\"https:\/\/www.moore-bdr.sk\/#\/schema\/person\/19fdb5f0d614cacda38e9b29e2036841\",\"name\":\"dan103065\",\"image\":{\"@type\":\"ImageObject\",\"inLanguage\":\"de\",\"@id\":\"https:\/\/www.moore-bdr.sk\/#\/schema\/person\/image\/\",\"url\":\"https:\/\/secure.gravatar.com\/avatar\/6c3042dd98b84a49f0e9afa21fe03723?s=96&d=mm&r=g\",\"contentUrl\":\"https:\/\/secure.gravatar.com\/avatar\/6c3042dd98b84a49f0e9afa21fe03723?s=96&d=mm&r=g\",\"caption\":\"dan103065\"},\"url\":\"https:\/\/www.moore-bdr.sk\/de\/author\/dan103065\/\"}]}<\/script>\n<!-- \/ Yoast SEO plugin. -->","yoast_head_json":{"title":"[:sk]Pr\u00edspevky na udr\u017eanie pracovn\u00fdch miest - aktualizovan\u00e9[:en]Job retention contributions[:de]Beitrag zur Aufrechterhaltung von Arbeitspl\u00e4tzen[:] - Moore BDR s. r. o.","robots":{"index":"index","follow":"follow","max-snippet":"max-snippet:-1","max-image-preview":"max-image-preview:large","max-video-preview":"max-video-preview:-1"},"canonical":"https:\/\/www.moore-bdr.sk\/prispevky-na-udrzanie-pracovnych-miest\/","og_locale":"de_DE","og_type":"article","og_title":"[:sk]Pr\u00edspevky na udr\u017eanie pracovn\u00fdch miest - aktualizovan\u00e9[:en]Job retention contributions[:de]Beitrag zur Aufrechterhaltung von Arbeitspl\u00e4tzen[:] - Moore BDR s. r. o.","og_description":"Am 14.4.2020 hat die Regierung den Antrag auf \u00c4nderung der Bedingungen des Projekts der Unterst\u00fctzung der Aufrechterhaltung der Besch\u00e4ftigung im Zeitraum der Ausrufung der au\u00dferordentlichen Situation genehmigt, in deren Rahmen es zur Erweiterung der Hilfe f\u00fcr Arbeitgeber und Arbeitnehmer kommt. Es handelt sich um die dritte Sozialhilfe, die beim Amt f\u00fcr Arbeit, Soziales und Familie&hellip;","og_url":"https:\/\/www.moore-bdr.sk\/prispevky-na-udrzanie-pracovnych-miest\/","og_site_name":"Moore BDR s. r. o.","article_published_time":"2020-05-21T04:51:27+00:00","article_modified_time":"2021-08-11T11:18:23+00:00","og_image":[{"width":1420,"height":800,"url":"https:\/\/www.moore-bdr.sk\/wp-content\/uploads\/2020\/04\/1522004444687.jpg","type":"image\/jpeg"}],"author":"dan103065","twitter_card":"summary_large_image","twitter_misc":{"Verfasst von":"dan103065","Gesch\u00e4tzte Lesezeit":"19\u00a0Minuten"},"schema":{"@context":"https:\/\/schema.org","@graph":[{"@type":"WebPage","@id":"https:\/\/www.moore-bdr.sk\/prispevky-na-udrzanie-pracovnych-miest\/","url":"https:\/\/www.moore-bdr.sk\/prispevky-na-udrzanie-pracovnych-miest\/","name":"[:sk]Pr\u00edspevky na udr\u017eanie pracovn\u00fdch miest - aktualizovan\u00e9[:en]Job retention contributions[:de]Beitrag zur Aufrechterhaltung von Arbeitspl\u00e4tzen[:] - Moore BDR s. r. o.","isPartOf":{"@id":"https:\/\/www.moore-bdr.sk\/#website"},"primaryImageOfPage":{"@id":"https:\/\/www.moore-bdr.sk\/prispevky-na-udrzanie-pracovnych-miest\/#primaryimage"},"image":{"@id":"https:\/\/www.moore-bdr.sk\/prispevky-na-udrzanie-pracovnych-miest\/#primaryimage"},"thumbnailUrl":"https:\/\/www.moore-bdr.sk\/wp-content\/uploads\/2020\/04\/1522004444687.jpg","datePublished":"2020-05-21T04:51:27+00:00","dateModified":"2021-08-11T11:18:23+00:00","author":{"@id":"https:\/\/www.moore-bdr.sk\/#\/schema\/person\/19fdb5f0d614cacda38e9b29e2036841"},"breadcrumb":{"@id":"https:\/\/www.moore-bdr.sk\/prispevky-na-udrzanie-pracovnych-miest\/#breadcrumb"},"inLanguage":"de","potentialAction":[{"@type":"ReadAction","target":["https:\/\/www.moore-bdr.sk\/prispevky-na-udrzanie-pracovnych-miest\/"]}]},{"@type":"ImageObject","inLanguage":"de","@id":"https:\/\/www.moore-bdr.sk\/prispevky-na-udrzanie-pracovnych-miest\/#primaryimage","url":"https:\/\/www.moore-bdr.sk\/wp-content\/uploads\/2020\/04\/1522004444687.jpg","contentUrl":"https:\/\/www.moore-bdr.sk\/wp-content\/uploads\/2020\/04\/1522004444687.jpg","width":1420,"height":800},{"@type":"BreadcrumbList","@id":"https:\/\/www.moore-bdr.sk\/prispevky-na-udrzanie-pracovnych-miest\/#breadcrumb","itemListElement":[{"@type":"ListItem","position":1,"name":"Domovsk\u00e1 str\u00e1nka","item":"https:\/\/www.moore-bdr.sk\/"},{"@type":"ListItem","position":2,"name":"Pr\u00edspevky na udr\u017eanie pracovn\u00fdch miest &#8211; aktualizovan\u00e9"}]},{"@type":"WebSite","@id":"https:\/\/www.moore-bdr.sk\/#website","url":"https:\/\/www.moore-bdr.sk\/","name":"Moore BDR s. r. o.","description":"Na\u0161e portf\u00f3lio zah\u0155\u0148a: audit \u00fa\u010dtovn\u00edctva, da\u0148ov\u00e9 poradenstvo, f\u00fazie, akviz\u00edcie, Due diligence, Bratislava, Bansk\u00e1 Bystrica","potentialAction":[{"@type":"SearchAction","target":{"@type":"EntryPoint","urlTemplate":"https:\/\/www.moore-bdr.sk\/?s={search_term_string}"},"query-input":{"@type":"PropertyValueSpecification","valueRequired":true,"valueName":"search_term_string"}}],"inLanguage":"de"},{"@type":"Person","@id":"https:\/\/www.moore-bdr.sk\/#\/schema\/person\/19fdb5f0d614cacda38e9b29e2036841","name":"dan103065","image":{"@type":"ImageObject","inLanguage":"de","@id":"https:\/\/www.moore-bdr.sk\/#\/schema\/person\/image\/","url":"https:\/\/secure.gravatar.com\/avatar\/6c3042dd98b84a49f0e9afa21fe03723?s=96&d=mm&r=g","contentUrl":"https:\/\/secure.gravatar.com\/avatar\/6c3042dd98b84a49f0e9afa21fe03723?s=96&d=mm&r=g","caption":"dan103065"},"url":"https:\/\/www.moore-bdr.sk\/de\/author\/dan103065\/"}]}},"_links":{"self":[{"href":"https:\/\/www.moore-bdr.sk\/de\/wp-json\/wp\/v2\/posts\/3306","targetHints":{"allow":["GET"]}}],"collection":[{"href":"https:\/\/www.moore-bdr.sk\/de\/wp-json\/wp\/v2\/posts"}],"about":[{"href":"https:\/\/www.moore-bdr.sk\/de\/wp-json\/wp\/v2\/types\/post"}],"author":[{"embeddable":true,"href":"https:\/\/www.moore-bdr.sk\/de\/wp-json\/wp\/v2\/users\/1"}],"replies":[{"embeddable":true,"href":"https:\/\/www.moore-bdr.sk\/de\/wp-json\/wp\/v2\/comments?post=3306"}],"version-history":[{"count":3,"href":"https:\/\/www.moore-bdr.sk\/de\/wp-json\/wp\/v2\/posts\/3306\/revisions"}],"predecessor-version":[{"id":3422,"href":"https:\/\/www.moore-bdr.sk\/de\/wp-json\/wp\/v2\/posts\/3306\/revisions\/3422"}],"wp:featuredmedia":[{"embeddable":true,"href":"https:\/\/www.moore-bdr.sk\/de\/wp-json\/wp\/v2\/media\/3308"}],"wp:attachment":[{"href":"https:\/\/www.moore-bdr.sk\/de\/wp-json\/wp\/v2\/media?parent=3306"}],"wp:term":[{"taxonomy":"category","embeddable":true,"href":"https:\/\/www.moore-bdr.sk\/de\/wp-json\/wp\/v2\/categories?post=3306"},{"taxonomy":"post_tag","embeddable":true,"href":"https:\/\/www.moore-bdr.sk\/de\/wp-json\/wp\/v2\/tags?post=3306"}],"curies":[{"name":"wp","href":"https:\/\/api.w.org\/{rel}","templated":true}]}}